{"id":535,"date":"2022-08-05T12:23:49","date_gmt":"2022-08-05T10:23:49","guid":{"rendered":"https:\/\/www.pfmiel.fr\/miel\/?p=535"},"modified":"2022-09-11T16:53:14","modified_gmt":"2022-09-11T14:53:14","slug":"voila-lete-fin-de-saison","status":"publish","type":"post","link":"https:\/\/www.pfmiel.fr\/miel\/voila-lete-fin-de-saison\/","title":{"rendered":"Voil\u00e0 l&rsquo;\u00e9t\u00e9 \/ fin de saison"},"content":{"rendered":"\n<p>Eh voil\u00e0, avec presque 3 semaines d&rsquo;avance par rapport \u00e0 l&rsquo;ann\u00e9e derni\u00e8re le miel d&rsquo;\u00e9t\u00e9 est arriv\u00e9.  Pour ceux qui l&rsquo;aiment liquide c&rsquo;est le moment de le d\u00e9guster; pour ceux qui le pr\u00e9f\u00e8rent cristallis\u00e9 il faut attendre encore un peu mais \u00e7a devrait arriver assez vite.<\/p>\n\n\n<div class=\"wp-block-image\">\n<figure class=\"aligncenter size-large is-resized\"><img data-recalc-dims=\"1\" loading=\"lazy\" decoding=\"async\" src=\"https:\/\/i0.wp.com\/www.pfmiel.fr\/miel\/wp-content\/uploads\/2022\/08\/IMG_20220804_185346-scaled-e1659695211118-768x1024.jpg?resize=234%2C311&#038;ssl=1\" alt=\"\" class=\"wp-image-532\" width=\"234\" height=\"311\" srcset=\"https:\/\/i0.wp.com\/www.pfmiel.fr\/miel\/wp-content\/uploads\/2022\/08\/IMG_20220804_185346-scaled-e1659695211118.jpg?resize=768%2C1023&amp;ssl=1 768w, https:\/\/i0.wp.com\/www.pfmiel.fr\/miel\/wp-content\/uploads\/2022\/08\/IMG_20220804_185346-scaled-e1659695211118.jpg?resize=225%2C300&amp;ssl=1 225w, https:\/\/i0.wp.com\/www.pfmiel.fr\/miel\/wp-content\/uploads\/2022\/08\/IMG_20220804_185346-scaled-e1659695211118.jpg?resize=350%2C466&amp;ssl=1 350w, https:\/\/i0.wp.com\/www.pfmiel.fr\/miel\/wp-content\/uploads\/2022\/08\/IMG_20220804_185346-scaled-e1659695211118.jpg?w=800&amp;ssl=1 800w\" sizes=\"auto, (max-width: 234px) 100vw, 234px\" \/><\/figure>\n<\/div>\n\n\n<p>Qui dit miel d&rsquo;\u00e9t\u00e9 dit \u00e9galement fin de saison apicole. L&rsquo;activit\u00e9 des ruches a d\u00e9j\u00e0 commenc\u00e9 \u00e0 diminuer  (beaucoup moins de fleurs et des journ\u00e9es plus courtes). <\/p>\n\n\n\n<p>Bilan de saison plut\u00f4t tr\u00e8s positif dans mon cas : l&rsquo;objectif d&rsquo;augmentation de cheptel est atteint, tout en r\u00e9coltant plus de miel que pr\u00e9vu.<br><br>Un petit pens\u00e9e quand m\u00eame pour les apiculteurs plus au sud qui ont souffert  de la s\u00e9cheresse et du manque de ressources \u00ab\u00a0sauvages\u00a0\u00bb.<\/p>\n\n\n\n<p><\/p>\n\n\n\n<p>Suite en 2023.<\/p>\n","protected":false},"excerpt":{"rendered":"<p>Eh voil\u00e0, avec presque 3 semaines d&rsquo;avance par rapport \u00e0 l&rsquo;ann\u00e9e derni\u00e8re le miel d&rsquo;\u00e9t\u00e9 est arriv\u00e9. Pour ceux qui l&rsquo;aiment liquide c&rsquo;est le moment de le d\u00e9guster; pour ceux qui le pr\u00e9f\u00e8rent cristallis\u00e9 il faut attendre encore un peu mais \u00e7a devrait arriver assez vite. Qui dit miel d&rsquo;\u00e9t\u00e9 dit \u00e9galement fin de saison &hellip; <\/p>\n<p class=\"link-more\"><a href=\"https:\/\/www.pfmiel.fr\/miel\/voila-lete-fin-de-saison\/\" class=\"more-link\">Continuer la lecture<span class=\"screen-reader-text\"> de &laquo;&nbsp;Voil\u00e0 l&rsquo;\u00e9t\u00e9 \/ fin de saison&nbsp;&raquo;<\/span><\/a><\/p>\n","protected":false},"author":2,"featured_media":0,"comment_status":"closed","ping_status":"open","sticky":false,"template":"","format":"standard","meta":{"_jetpack_memberships_contains_paid_content":false,"footnotes":""},"categories":[32],"tags":[],"class_list":["post-535","post","type-post","status-publish","format-standard","hentry","category-blog"],"yoast_head":"<!-- This site is optimized with the Yoast SEO plugin v27.5 - https:\/\/yoast.com\/product\/yoast-seo-wordpress\/ -->\n<title>Voil\u00e0 l&#039;\u00e9t\u00e9 \/ fin de saison - Pierre-Fran\u00e7ois Prot - Apiculteur - V\u00e9retz<\/title>\n<meta name=\"robots\" content=\"index, follow, max-snippet:-1, max-image-preview:large, max-video-preview:-1\" \/>\n<link rel=\"canonical\" href=\"https:\/\/www.pfmiel.fr\/miel\/voila-lete-fin-de-saison\/\" \/>\n<meta property=\"og:locale\" content=\"fr_FR\" \/>\n<meta property=\"og:type\" content=\"article\" \/>\n<meta property=\"og:title\" content=\"Voil\u00e0 l&#039;\u00e9t\u00e9 \/ fin de saison - Pierre-Fran\u00e7ois Prot - Apiculteur - V\u00e9retz\" \/>\n<meta property=\"og:description\" content=\"Eh voil\u00e0, avec presque 3 semaines d&rsquo;avance par rapport \u00e0 l&rsquo;ann\u00e9e derni\u00e8re le miel d&rsquo;\u00e9t\u00e9 est arriv\u00e9. Pour ceux qui l&rsquo;aiment liquide c&rsquo;est le moment de le d\u00e9guster; pour ceux qui le pr\u00e9f\u00e8rent cristallis\u00e9 il faut attendre encore un peu mais \u00e7a devrait arriver assez vite. Qui dit miel d&rsquo;\u00e9t\u00e9 dit \u00e9galement fin de saison &hellip; Continuer la lecture de &laquo;&nbsp;Voil\u00e0 l&rsquo;\u00e9t\u00e9 \/ fin de saison&nbsp;&raquo;\" \/>\n<meta property=\"og:url\" content=\"https:\/\/www.pfmiel.fr\/miel\/voila-lete-fin-de-saison\/\" \/>\n<meta property=\"og:site_name\" content=\"Pierre-Fran\u00e7ois Prot - Apiculteur - V\u00e9retz\" \/>\n<meta property=\"article:published_time\" content=\"2022-08-05T10:23:49+00:00\" \/>\n<meta property=\"article:modified_time\" content=\"2022-09-11T14:53:14+00:00\" \/>\n<meta property=\"og:image\" content=\"https:\/\/www.pfmiel.fr\/miel\/wp-content\/uploads\/2022\/08\/IMG_20220804_185346-scaled-e1659695211118-768x1024.jpg\" \/>\n<meta name=\"author\" content=\"Pierre-Fran\u00e7ois\" \/>\n<meta name=\"twitter:card\" content=\"summary_large_image\" \/>\n<meta name=\"twitter:label1\" content=\"\u00c9crit par\" \/>\n\t<meta name=\"twitter:data1\" content=\"Pierre-Fran\u00e7ois\" \/>\n\t<meta name=\"twitter:label2\" content=\"Dur\u00e9e de lecture estim\u00e9e\" \/>\n\t<meta name=\"twitter:data2\" content=\"1 minute\" \/>\n<script type=\"application\/ld+json\" class=\"yoast-schema-graph\">{\"@context\":\"https:\\\/\\\/schema.org\",\"@graph\":[{\"@type\":\"Article\",\"@id\":\"https:\\\/\\\/www.pfmiel.fr\\\/miel\\\/voila-lete-fin-de-saison\\\/#article\",\"isPartOf\":{\"@id\":\"https:\\\/\\\/www.pfmiel.fr\\\/miel\\\/voila-lete-fin-de-saison\\\/\"},\"author\":{\"name\":\"Pierre-Fran\u00e7ois\",\"@id\":\"https:\\\/\\\/www.pfmiel.fr\\\/miel\\\/#\\\/schema\\\/person\\\/e9395774cd584b94ab92efbd6c37acf5\"},\"headline\":\"Voil\u00e0 l&rsquo;\u00e9t\u00e9 \\\/ fin de saison\",\"datePublished\":\"2022-08-05T10:23:49+00:00\",\"dateModified\":\"2022-09-11T14:53:14+00:00\",\"mainEntityOfPage\":{\"@id\":\"https:\\\/\\\/www.pfmiel.fr\\\/miel\\\/voila-lete-fin-de-saison\\\/\"},\"wordCount\":147,\"publisher\":{\"@id\":\"https:\\\/\\\/www.pfmiel.fr\\\/miel\\\/#\\\/schema\\\/person\\\/e9395774cd584b94ab92efbd6c37acf5\"},\"image\":{\"@id\":\"https:\\\/\\\/www.pfmiel.fr\\\/miel\\\/voila-lete-fin-de-saison\\\/#primaryimage\"},\"thumbnailUrl\":\"https:\\\/\\\/www.pfmiel.fr\\\/miel\\\/wp-content\\\/uploads\\\/2022\\\/08\\\/IMG_20220804_185346-scaled-e1659695211118-768x1024.jpg\",\"articleSection\":[\"Blog\"],\"inLanguage\":\"fr-FR\"},{\"@type\":\"WebPage\",\"@id\":\"https:\\\/\\\/www.pfmiel.fr\\\/miel\\\/voila-lete-fin-de-saison\\\/\",\"url\":\"https:\\\/\\\/www.pfmiel.fr\\\/miel\\\/voila-lete-fin-de-saison\\\/\",\"name\":\"Voil\u00e0 l'\u00e9t\u00e9 \\\/ fin de saison - Pierre-Fran\u00e7ois Prot - Apiculteur - V\u00e9retz\",\"isPartOf\":{\"@id\":\"https:\\\/\\\/www.pfmiel.fr\\\/miel\\\/#website\"},\"primaryImageOfPage\":{\"@id\":\"https:\\\/\\\/www.pfmiel.fr\\\/miel\\\/voila-lete-fin-de-saison\\\/#primaryimage\"},\"image\":{\"@id\":\"https:\\\/\\\/www.pfmiel.fr\\\/miel\\\/voila-lete-fin-de-saison\\\/#primaryimage\"},\"thumbnailUrl\":\"https:\\\/\\\/www.pfmiel.fr\\\/miel\\\/wp-content\\\/uploads\\\/2022\\\/08\\\/IMG_20220804_185346-scaled-e1659695211118-768x1024.jpg\",\"datePublished\":\"2022-08-05T10:23:49+00:00\",\"dateModified\":\"2022-09-11T14:53:14+00:00\",\"breadcrumb\":{\"@id\":\"https:\\\/\\\/www.pfmiel.fr\\\/miel\\\/voila-lete-fin-de-saison\\\/#breadcrumb\"},\"inLanguage\":\"fr-FR\",\"potentialAction\":[{\"@type\":\"ReadAction\",\"target\":[\"https:\\\/\\\/www.pfmiel.fr\\\/miel\\\/voila-lete-fin-de-saison\\\/\"]}]},{\"@type\":\"ImageObject\",\"inLanguage\":\"fr-FR\",\"@id\":\"https:\\\/\\\/www.pfmiel.fr\\\/miel\\\/voila-lete-fin-de-saison\\\/#primaryimage\",\"url\":\"https:\\\/\\\/i0.wp.com\\\/www.pfmiel.fr\\\/miel\\\/wp-content\\\/uploads\\\/2022\\\/08\\\/IMG_20220804_185346-scaled-e1659695211118.jpg?fit=800%2C1066&ssl=1\",\"contentUrl\":\"https:\\\/\\\/i0.wp.com\\\/www.pfmiel.fr\\\/miel\\\/wp-content\\\/uploads\\\/2022\\\/08\\\/IMG_20220804_185346-scaled-e1659695211118.jpg?fit=800%2C1066&ssl=1\",\"width\":800,\"height\":1066},{\"@type\":\"BreadcrumbList\",\"@id\":\"https:\\\/\\\/www.pfmiel.fr\\\/miel\\\/voila-lete-fin-de-saison\\\/#breadcrumb\",\"itemListElement\":[{\"@type\":\"ListItem\",\"position\":1,\"name\":\"Home\",\"item\":\"https:\\\/\\\/www.pfmiel.fr\\\/miel\\\/\"},{\"@type\":\"ListItem\",\"position\":2,\"name\":\"Voil\u00e0 l&rsquo;\u00e9t\u00e9 \\\/ fin de saison\"}]},{\"@type\":\"WebSite\",\"@id\":\"https:\\\/\\\/www.pfmiel.fr\\\/miel\\\/#website\",\"url\":\"https:\\\/\\\/www.pfmiel.fr\\\/miel\\\/\",\"name\":\"Pierre-Fran\u00e7ois Prot - Apiculteur - V\u00e9retz\",\"description\":\"Apiculteur et R\u00e9coltant en Indre et Loire\",\"publisher\":{\"@id\":\"https:\\\/\\\/www.pfmiel.fr\\\/miel\\\/#\\\/schema\\\/person\\\/e9395774cd584b94ab92efbd6c37acf5\"},\"potentialAction\":[{\"@type\":\"SearchAction\",\"target\":{\"@type\":\"EntryPoint\",\"urlTemplate\":\"https:\\\/\\\/www.pfmiel.fr\\\/miel\\\/?s={search_term_string}\"},\"query-input\":{\"@type\":\"PropertyValueSpecification\",\"valueRequired\":true,\"valueName\":\"search_term_string\"}}],\"inLanguage\":\"fr-FR\"},{\"@type\":[\"Person\",\"Organization\"],\"@id\":\"https:\\\/\\\/www.pfmiel.fr\\\/miel\\\/#\\\/schema\\\/person\\\/e9395774cd584b94ab92efbd6c37acf5\",\"name\":\"Pierre-Fran\u00e7ois\",\"image\":{\"@type\":\"ImageObject\",\"inLanguage\":\"fr-FR\",\"@id\":\"https:\\\/\\\/i0.wp.com\\\/www.pfmiel.fr\\\/miel\\\/wp-content\\\/uploads\\\/2021\\\/10\\\/cropped-Capture-decran-du-2021-10-28-15-45-12.png?fit=220%2C250&ssl=1\",\"url\":\"https:\\\/\\\/i0.wp.com\\\/www.pfmiel.fr\\\/miel\\\/wp-content\\\/uploads\\\/2021\\\/10\\\/cropped-Capture-decran-du-2021-10-28-15-45-12.png?fit=220%2C250&ssl=1\",\"contentUrl\":\"https:\\\/\\\/i0.wp.com\\\/www.pfmiel.fr\\\/miel\\\/wp-content\\\/uploads\\\/2021\\\/10\\\/cropped-Capture-decran-du-2021-10-28-15-45-12.png?fit=220%2C250&ssl=1\",\"width\":220,\"height\":250,\"caption\":\"Pierre-Fran\u00e7ois\"},\"logo\":{\"@id\":\"https:\\\/\\\/i0.wp.com\\\/www.pfmiel.fr\\\/miel\\\/wp-content\\\/uploads\\\/2021\\\/10\\\/cropped-Capture-decran-du-2021-10-28-15-45-12.png?fit=220%2C250&ssl=1\"},\"sameAs\":[\"http:\\\/\\\/www.pfmiel.fr\"]}]}<\/script>\n<!-- \/ Yoast SEO plugin. -->","yoast_head_json":{"title":"Voil\u00e0 l'\u00e9t\u00e9 \/ fin de saison - Pierre-Fran\u00e7ois Prot - Apiculteur - V\u00e9retz","robots":{"index":"index","follow":"follow","max-snippet":"max-snippet:-1","max-image-preview":"max-image-preview:large","max-video-preview":"max-video-preview:-1"},"canonical":"https:\/\/www.pfmiel.fr\/miel\/voila-lete-fin-de-saison\/","og_locale":"fr_FR","og_type":"article","og_title":"Voil\u00e0 l'\u00e9t\u00e9 \/ fin de saison - Pierre-Fran\u00e7ois Prot - Apiculteur - V\u00e9retz","og_description":"Eh voil\u00e0, avec presque 3 semaines d&rsquo;avance par rapport \u00e0 l&rsquo;ann\u00e9e derni\u00e8re le miel d&rsquo;\u00e9t\u00e9 est arriv\u00e9. Pour ceux qui l&rsquo;aiment liquide c&rsquo;est le moment de le d\u00e9guster; pour ceux qui le pr\u00e9f\u00e8rent cristallis\u00e9 il faut attendre encore un peu mais \u00e7a devrait arriver assez vite. Qui dit miel d&rsquo;\u00e9t\u00e9 dit \u00e9galement fin de saison &hellip; Continuer la lecture de &laquo;&nbsp;Voil\u00e0 l&rsquo;\u00e9t\u00e9 \/ fin de saison&nbsp;&raquo;","og_url":"https:\/\/www.pfmiel.fr\/miel\/voila-lete-fin-de-saison\/","og_site_name":"Pierre-Fran\u00e7ois Prot - Apiculteur - V\u00e9retz","article_published_time":"2022-08-05T10:23:49+00:00","article_modified_time":"2022-09-11T14:53:14+00:00","og_image":[{"url":"https:\/\/www.pfmiel.fr\/miel\/wp-content\/uploads\/2022\/08\/IMG_20220804_185346-scaled-e1659695211118-768x1024.jpg","type":"","width":"","height":""}],"author":"Pierre-Fran\u00e7ois","twitter_card":"summary_large_image","twitter_misc":{"\u00c9crit par":"Pierre-Fran\u00e7ois","Dur\u00e9e de lecture estim\u00e9e":"1 minute"},"schema":{"@context":"https:\/\/schema.org","@graph":[{"@type":"Article","@id":"https:\/\/www.pfmiel.fr\/miel\/voila-lete-fin-de-saison\/#article","isPartOf":{"@id":"https:\/\/www.pfmiel.fr\/miel\/voila-lete-fin-de-saison\/"},"author":{"name":"Pierre-Fran\u00e7ois","@id":"https:\/\/www.pfmiel.fr\/miel\/#\/schema\/person\/e9395774cd584b94ab92efbd6c37acf5"},"headline":"Voil\u00e0 l&rsquo;\u00e9t\u00e9 \/ fin de saison","datePublished":"2022-08-05T10:23:49+00:00","dateModified":"2022-09-11T14:53:14+00:00","mainEntityOfPage":{"@id":"https:\/\/www.pfmiel.fr\/miel\/voila-lete-fin-de-saison\/"},"wordCount":147,"publisher":{"@id":"https:\/\/www.pfmiel.fr\/miel\/#\/schema\/person\/e9395774cd584b94ab92efbd6c37acf5"},"image":{"@id":"https:\/\/www.pfmiel.fr\/miel\/voila-lete-fin-de-saison\/#primaryimage"},"thumbnailUrl":"https:\/\/www.pfmiel.fr\/miel\/wp-content\/uploads\/2022\/08\/IMG_20220804_185346-scaled-e1659695211118-768x1024.jpg","articleSection":["Blog"],"inLanguage":"fr-FR"},{"@type":"WebPage","@id":"https:\/\/www.pfmiel.fr\/miel\/voila-lete-fin-de-saison\/","url":"https:\/\/www.pfmiel.fr\/miel\/voila-lete-fin-de-saison\/","name":"Voil\u00e0 l'\u00e9t\u00e9 \/ fin de saison - Pierre-Fran\u00e7ois Prot - Apiculteur - V\u00e9retz","isPartOf":{"@id":"https:\/\/www.pfmiel.fr\/miel\/#website"},"primaryImageOfPage":{"@id":"https:\/\/www.pfmiel.fr\/miel\/voila-lete-fin-de-saison\/#primaryimage"},"image":{"@id":"https:\/\/www.pfmiel.fr\/miel\/voila-lete-fin-de-saison\/#primaryimage"},"thumbnailUrl":"https:\/\/www.pfmiel.fr\/miel\/wp-content\/uploads\/2022\/08\/IMG_20220804_185346-scaled-e1659695211118-768x1024.jpg","datePublished":"2022-08-05T10:23:49+00:00","dateModified":"2022-09-11T14:53:14+00:00","breadcrumb":{"@id":"https:\/\/www.pfmiel.fr\/miel\/voila-lete-fin-de-saison\/#breadcrumb"},"inLanguage":"fr-FR","potentialAction":[{"@type":"ReadAction","target":["https:\/\/www.pfmiel.fr\/miel\/voila-lete-fin-de-saison\/"]}]},{"@type":"ImageObject","inLanguage":"fr-FR","@id":"https:\/\/www.pfmiel.fr\/miel\/voila-lete-fin-de-saison\/#primaryimage","url":"https:\/\/i0.wp.com\/www.pfmiel.fr\/miel\/wp-content\/uploads\/2022\/08\/IMG_20220804_185346-scaled-e1659695211118.jpg?fit=800%2C1066&ssl=1","contentUrl":"https:\/\/i0.wp.com\/www.pfmiel.fr\/miel\/wp-content\/uploads\/2022\/08\/IMG_20220804_185346-scaled-e1659695211118.jpg?fit=800%2C1066&ssl=1","width":800,"height":1066},{"@type":"BreadcrumbList","@id":"https:\/\/www.pfmiel.fr\/miel\/voila-lete-fin-de-saison\/#breadcrumb","itemListElement":[{"@type":"ListItem","position":1,"name":"Home","item":"https:\/\/www.pfmiel.fr\/miel\/"},{"@type":"ListItem","position":2,"name":"Voil\u00e0 l&rsquo;\u00e9t\u00e9 \/ fin de saison"}]},{"@type":"WebSite","@id":"https:\/\/www.pfmiel.fr\/miel\/#website","url":"https:\/\/www.pfmiel.fr\/miel\/","name":"Pierre-Fran\u00e7ois Prot - Apiculteur - V\u00e9retz","description":"Apiculteur et R\u00e9coltant en Indre et Loire","publisher":{"@id":"https:\/\/www.pfmiel.fr\/miel\/#\/schema\/person\/e9395774cd584b94ab92efbd6c37acf5"},"potentialAction":[{"@type":"SearchAction","target":{"@type":"EntryPoint","urlTemplate":"https:\/\/www.pfmiel.fr\/miel\/?s={search_term_string}"},"query-input":{"@type":"PropertyValueSpecification","valueRequired":true,"valueName":"search_term_string"}}],"inLanguage":"fr-FR"},{"@type":["Person","Organization"],"@id":"https:\/\/www.pfmiel.fr\/miel\/#\/schema\/person\/e9395774cd584b94ab92efbd6c37acf5","name":"Pierre-Fran\u00e7ois","image":{"@type":"ImageObject","inLanguage":"fr-FR","@id":"https:\/\/i0.wp.com\/www.pfmiel.fr\/miel\/wp-content\/uploads\/2021\/10\/cropped-Capture-decran-du-2021-10-28-15-45-12.png?fit=220%2C250&ssl=1","url":"https:\/\/i0.wp.com\/www.pfmiel.fr\/miel\/wp-content\/uploads\/2021\/10\/cropped-Capture-decran-du-2021-10-28-15-45-12.png?fit=220%2C250&ssl=1","contentUrl":"https:\/\/i0.wp.com\/www.pfmiel.fr\/miel\/wp-content\/uploads\/2021\/10\/cropped-Capture-decran-du-2021-10-28-15-45-12.png?fit=220%2C250&ssl=1","width":220,"height":250,"caption":"Pierre-Fran\u00e7ois"},"logo":{"@id":"https:\/\/i0.wp.com\/www.pfmiel.fr\/miel\/wp-content\/uploads\/2021\/10\/cropped-Capture-decran-du-2021-10-28-15-45-12.png?fit=220%2C250&ssl=1"},"sameAs":["http:\/\/www.pfmiel.fr"]}]}},"jetpack_featured_media_url":"","jetpack_sharing_enabled":true,"_links":{"self":[{"href":"https:\/\/www.pfmiel.fr\/miel\/wp-json\/wp\/v2\/posts\/535","targetHints":{"allow":["GET"]}}],"collection":[{"href":"https:\/\/www.pfmiel.fr\/miel\/wp-json\/wp\/v2\/posts"}],"about":[{"href":"https:\/\/www.pfmiel.fr\/miel\/wp-json\/wp\/v2\/types\/post"}],"author":[{"embeddable":true,"href":"https:\/\/www.pfmiel.fr\/miel\/wp-json\/wp\/v2\/users\/2"}],"replies":[{"embeddable":true,"href":"https:\/\/www.pfmiel.fr\/miel\/wp-json\/wp\/v2\/comments?post=535"}],"version-history":[{"count":5,"href":"https:\/\/www.pfmiel.fr\/miel\/wp-json\/wp\/v2\/posts\/535\/revisions"}],"predecessor-version":[{"id":550,"href":"https:\/\/www.pfmiel.fr\/miel\/wp-json\/wp\/v2\/posts\/535\/revisions\/550"}],"wp:attachment":[{"href":"https:\/\/www.pfmiel.fr\/miel\/wp-json\/wp\/v2\/media?parent=535"}],"wp:term":[{"taxonomy":"category","embeddable":true,"href":"https:\/\/www.pfmiel.fr\/miel\/wp-json\/wp\/v2\/categories?post=535"},{"taxonomy":"post_tag","embeddable":true,"href":"https:\/\/www.pfmiel.fr\/miel\/wp-json\/wp\/v2\/tags?post=535"}],"curies":[{"name":"wp","href":"https:\/\/api.w.org\/{rel}","templated":true}]}}