{"id":696,"date":"2023-04-10T11:10:59","date_gmt":"2023-04-10T09:10:59","guid":{"rendered":"https:\/\/www.pfmiel.fr\/miel\/?p=696"},"modified":"2023-04-10T15:26:54","modified_gmt":"2023-04-10T13:26:54","slug":"debut-de-saison-en-demi-teinte","status":"publish","type":"post","link":"https:\/\/www.pfmiel.fr\/miel\/debut-de-saison-en-demi-teinte\/","title":{"rendered":"D\u00e9but de saison en demi-teinte"},"content":{"rendered":"\n<p>\u00e7a y&rsquo;est c&rsquo;est d\u00e9but avril la saison d&rsquo;apiculture d\u00e9bute. <br>Les ruches sont pour certaines sur les fruitiers depuis quelques semaines.<\/p>\n\n\n\n<figure class=\"wp-block-image size-large\"><img data-recalc-dims=\"1\" loading=\"lazy\" decoding=\"async\" width=\"525\" height=\"394\" src=\"https:\/\/i0.wp.com\/www.pfmiel.fr\/miel\/wp-content\/uploads\/2023\/04\/1681118021079.jpg?resize=525%2C394&#038;ssl=1\" alt=\"\" class=\"wp-image-698\" srcset=\"https:\/\/i0.wp.com\/www.pfmiel.fr\/miel\/wp-content\/uploads\/2023\/04\/1681118021079-scaled.jpg?resize=1024%2C769&amp;ssl=1 1024w, https:\/\/i0.wp.com\/www.pfmiel.fr\/miel\/wp-content\/uploads\/2023\/04\/1681118021079-scaled.jpg?resize=300%2C225&amp;ssl=1 300w, https:\/\/i0.wp.com\/www.pfmiel.fr\/miel\/wp-content\/uploads\/2023\/04\/1681118021079-scaled.jpg?resize=768%2C577&amp;ssl=1 768w, https:\/\/i0.wp.com\/www.pfmiel.fr\/miel\/wp-content\/uploads\/2023\/04\/1681118021079-scaled.jpg?resize=1536%2C1153&amp;ssl=1 1536w, https:\/\/i0.wp.com\/www.pfmiel.fr\/miel\/wp-content\/uploads\/2023\/04\/1681118021079-scaled.jpg?resize=2048%2C1538&amp;ssl=1 2048w, https:\/\/i0.wp.com\/www.pfmiel.fr\/miel\/wp-content\/uploads\/2023\/04\/1681118021079-scaled.jpg?resize=350%2C263&amp;ssl=1 350w\" sizes=\"auto, (max-width: 767px) 89vw, (max-width: 1000px) 54vw, (max-width: 1071px) 543px, 580px\" \/><\/figure>\n\n\n\n<p>Pour les autres c&rsquo;est la proximit\u00e9 du colza qui devrait les \u00ab\u00a0booster\u00a0\u00bb en ce d\u00e9but de saison.  Les hausses ont \u00e9t\u00e9 pos\u00e9es cette semaine &#8230; encore un peu de patience et le miel de printemps cr\u00e9meux ne devrait pas tarder \u00e0 arriver.<\/p>\n\n\n\n<figure class=\"wp-block-gallery has-nested-images columns-default is-cropped wp-block-gallery-1 is-layout-flex wp-block-gallery-is-layout-flex\">\n<figure class=\"wp-block-image size-large\"><img data-recalc-dims=\"1\" loading=\"lazy\" decoding=\"async\" width=\"525\" height=\"394\" data-id=\"699\" src=\"https:\/\/i0.wp.com\/www.pfmiel.fr\/miel\/wp-content\/uploads\/2023\/04\/1681117914006.jpg?resize=525%2C394&#038;ssl=1\" alt=\"\" class=\"wp-image-699\" srcset=\"https:\/\/i0.wp.com\/www.pfmiel.fr\/miel\/wp-content\/uploads\/2023\/04\/1681117914006-scaled.jpg?resize=1024%2C769&amp;ssl=1 1024w, https:\/\/i0.wp.com\/www.pfmiel.fr\/miel\/wp-content\/uploads\/2023\/04\/1681117914006-scaled.jpg?resize=300%2C225&amp;ssl=1 300w, https:\/\/i0.wp.com\/www.pfmiel.fr\/miel\/wp-content\/uploads\/2023\/04\/1681117914006-scaled.jpg?resize=768%2C577&amp;ssl=1 768w, https:\/\/i0.wp.com\/www.pfmiel.fr\/miel\/wp-content\/uploads\/2023\/04\/1681117914006-scaled.jpg?w=1575&amp;ssl=1 1575w\" sizes=\"auto, (max-width: 767px) 89vw, (max-width: 1000px) 54vw, (max-width: 1071px) 543px, 580px\" \/><\/figure>\n<\/figure>\n\n\n\n<p><\/p>\n\n\n\n<p>Et du coup en lisant ces quelques ont se dit chouette \u00e7a d\u00e9bute bien, alors pourquoi ce titre? Et bien je vous invite \u00e0 lire l&rsquo;article  (<a href=\"https:\/\/www.pfmiel.fr\/miel\/coup-de-gueule\/\">Coup de gueule<\/a>)<\/p>\n","protected":false},"excerpt":{"rendered":"<p>\u00e7a y&rsquo;est c&rsquo;est d\u00e9but avril la saison d&rsquo;apiculture d\u00e9bute. Les ruches sont pour certaines sur les fruitiers depuis quelques semaines. Pour les autres c&rsquo;est la proximit\u00e9 du colza qui devrait les \u00ab\u00a0booster\u00a0\u00bb en ce d\u00e9but de saison. Les hausses ont \u00e9t\u00e9 pos\u00e9es cette semaine &#8230; encore un peu de patience et le miel de printemps &hellip; <\/p>\n<p class=\"link-more\"><a href=\"https:\/\/www.pfmiel.fr\/miel\/debut-de-saison-en-demi-teinte\/\" class=\"more-link\">Continuer la lecture<span class=\"screen-reader-text\"> de &laquo;&nbsp;D\u00e9but de saison en demi-teinte&nbsp;&raquo;<\/span><\/a><\/p>\n","protected":false},"author":2,"featured_media":0,"comment_status":"closed","ping_status":"open","sticky":false,"template":"","format":"standard","meta":{"_jetpack_memberships_contains_paid_content":false,"footnotes":""},"categories":[32],"tags":[],"class_list":["post-696","post","type-post","status-publish","format-standard","hentry","category-blog"],"yoast_head":"<!-- This site is optimized with the Yoast SEO plugin v27.5 - https:\/\/yoast.com\/product\/yoast-seo-wordpress\/ -->\n<title>D\u00e9but de saison en demi-teinte - Pierre-Fran\u00e7ois Prot - Apiculteur - V\u00e9retz<\/title>\n<meta name=\"robots\" content=\"index, follow, max-snippet:-1, max-image-preview:large, max-video-preview:-1\" \/>\n<link rel=\"canonical\" href=\"https:\/\/www.pfmiel.fr\/miel\/debut-de-saison-en-demi-teinte\/\" \/>\n<meta property=\"og:locale\" content=\"fr_FR\" \/>\n<meta property=\"og:type\" content=\"article\" \/>\n<meta property=\"og:title\" content=\"D\u00e9but de saison en demi-teinte - Pierre-Fran\u00e7ois Prot - Apiculteur - V\u00e9retz\" \/>\n<meta property=\"og:description\" content=\"\u00e7a y&rsquo;est c&rsquo;est d\u00e9but avril la saison d&rsquo;apiculture d\u00e9bute. Les ruches sont pour certaines sur les fruitiers depuis quelques semaines. Pour les autres c&rsquo;est la proximit\u00e9 du colza qui devrait les \u00ab\u00a0booster\u00a0\u00bb en ce d\u00e9but de saison. Les hausses ont \u00e9t\u00e9 pos\u00e9es cette semaine &#8230; encore un peu de patience et le miel de printemps &hellip; Continuer la lecture de &laquo;&nbsp;D\u00e9but de saison en demi-teinte&nbsp;&raquo;\" \/>\n<meta property=\"og:url\" content=\"https:\/\/www.pfmiel.fr\/miel\/debut-de-saison-en-demi-teinte\/\" \/>\n<meta property=\"og:site_name\" content=\"Pierre-Fran\u00e7ois Prot - Apiculteur - V\u00e9retz\" \/>\n<meta property=\"article:published_time\" content=\"2023-04-10T09:10:59+00:00\" \/>\n<meta property=\"article:modified_time\" content=\"2023-04-10T13:26:54+00:00\" \/>\n<meta property=\"og:image\" content=\"https:\/\/www.pfmiel.fr\/miel\/wp-content\/uploads\/2023\/04\/1681118021079-1024x769.jpg\" \/>\n<meta name=\"author\" content=\"Pierre-Fran\u00e7ois\" \/>\n<meta name=\"twitter:card\" content=\"summary_large_image\" \/>\n<meta name=\"twitter:label1\" content=\"\u00c9crit par\" \/>\n\t<meta name=\"twitter:data1\" content=\"Pierre-Fran\u00e7ois\" \/>\n<script type=\"application\/ld+json\" class=\"yoast-schema-graph\">{\"@context\":\"https:\\\/\\\/schema.org\",\"@graph\":[{\"@type\":\"Article\",\"@id\":\"https:\\\/\\\/www.pfmiel.fr\\\/miel\\\/debut-de-saison-en-demi-teinte\\\/#article\",\"isPartOf\":{\"@id\":\"https:\\\/\\\/www.pfmiel.fr\\\/miel\\\/debut-de-saison-en-demi-teinte\\\/\"},\"author\":{\"name\":\"Pierre-Fran\u00e7ois\",\"@id\":\"https:\\\/\\\/www.pfmiel.fr\\\/miel\\\/#\\\/schema\\\/person\\\/e9395774cd584b94ab92efbd6c37acf5\"},\"headline\":\"D\u00e9but de saison en demi-teinte\",\"datePublished\":\"2023-04-10T09:10:59+00:00\",\"dateModified\":\"2023-04-10T13:26:54+00:00\",\"mainEntityOfPage\":{\"@id\":\"https:\\\/\\\/www.pfmiel.fr\\\/miel\\\/debut-de-saison-en-demi-teinte\\\/\"},\"wordCount\":105,\"publisher\":{\"@id\":\"https:\\\/\\\/www.pfmiel.fr\\\/miel\\\/#\\\/schema\\\/person\\\/e9395774cd584b94ab92efbd6c37acf5\"},\"image\":{\"@id\":\"https:\\\/\\\/www.pfmiel.fr\\\/miel\\\/debut-de-saison-en-demi-teinte\\\/#primaryimage\"},\"thumbnailUrl\":\"https:\\\/\\\/www.pfmiel.fr\\\/miel\\\/wp-content\\\/uploads\\\/2023\\\/04\\\/1681118021079-1024x769.jpg\",\"articleSection\":[\"Blog\"],\"inLanguage\":\"fr-FR\"},{\"@type\":\"WebPage\",\"@id\":\"https:\\\/\\\/www.pfmiel.fr\\\/miel\\\/debut-de-saison-en-demi-teinte\\\/\",\"url\":\"https:\\\/\\\/www.pfmiel.fr\\\/miel\\\/debut-de-saison-en-demi-teinte\\\/\",\"name\":\"D\u00e9but de saison en demi-teinte - Pierre-Fran\u00e7ois Prot - Apiculteur - V\u00e9retz\",\"isPartOf\":{\"@id\":\"https:\\\/\\\/www.pfmiel.fr\\\/miel\\\/#website\"},\"primaryImageOfPage\":{\"@id\":\"https:\\\/\\\/www.pfmiel.fr\\\/miel\\\/debut-de-saison-en-demi-teinte\\\/#primaryimage\"},\"image\":{\"@id\":\"https:\\\/\\\/www.pfmiel.fr\\\/miel\\\/debut-de-saison-en-demi-teinte\\\/#primaryimage\"},\"thumbnailUrl\":\"https:\\\/\\\/www.pfmiel.fr\\\/miel\\\/wp-content\\\/uploads\\\/2023\\\/04\\\/1681118021079-1024x769.jpg\",\"datePublished\":\"2023-04-10T09:10:59+00:00\",\"dateModified\":\"2023-04-10T13:26:54+00:00\",\"breadcrumb\":{\"@id\":\"https:\\\/\\\/www.pfmiel.fr\\\/miel\\\/debut-de-saison-en-demi-teinte\\\/#breadcrumb\"},\"inLanguage\":\"fr-FR\",\"potentialAction\":[{\"@type\":\"ReadAction\",\"target\":[\"https:\\\/\\\/www.pfmiel.fr\\\/miel\\\/debut-de-saison-en-demi-teinte\\\/\"]}]},{\"@type\":\"ImageObject\",\"inLanguage\":\"fr-FR\",\"@id\":\"https:\\\/\\\/www.pfmiel.fr\\\/miel\\\/debut-de-saison-en-demi-teinte\\\/#primaryimage\",\"url\":\"https:\\\/\\\/i0.wp.com\\\/www.pfmiel.fr\\\/miel\\\/wp-content\\\/uploads\\\/2023\\\/04\\\/1681118021079-scaled.jpg?fit=2560%2C1922&ssl=1\",\"contentUrl\":\"https:\\\/\\\/i0.wp.com\\\/www.pfmiel.fr\\\/miel\\\/wp-content\\\/uploads\\\/2023\\\/04\\\/1681118021079-scaled.jpg?fit=2560%2C1922&ssl=1\",\"width\":2560,\"height\":1922,\"caption\":\"Fruitiers en fleurs\"},{\"@type\":\"BreadcrumbList\",\"@id\":\"https:\\\/\\\/www.pfmiel.fr\\\/miel\\\/debut-de-saison-en-demi-teinte\\\/#breadcrumb\",\"itemListElement\":[{\"@type\":\"ListItem\",\"position\":1,\"name\":\"Home\",\"item\":\"https:\\\/\\\/www.pfmiel.fr\\\/miel\\\/\"},{\"@type\":\"ListItem\",\"position\":2,\"name\":\"D\u00e9but de saison en demi-teinte\"}]},{\"@type\":\"WebSite\",\"@id\":\"https:\\\/\\\/www.pfmiel.fr\\\/miel\\\/#website\",\"url\":\"https:\\\/\\\/www.pfmiel.fr\\\/miel\\\/\",\"name\":\"Pierre-Fran\u00e7ois Prot - Apiculteur - V\u00e9retz\",\"description\":\"Apiculteur et R\u00e9coltant en Indre et Loire\",\"publisher\":{\"@id\":\"https:\\\/\\\/www.pfmiel.fr\\\/miel\\\/#\\\/schema\\\/person\\\/e9395774cd584b94ab92efbd6c37acf5\"},\"potentialAction\":[{\"@type\":\"SearchAction\",\"target\":{\"@type\":\"EntryPoint\",\"urlTemplate\":\"https:\\\/\\\/www.pfmiel.fr\\\/miel\\\/?s={search_term_string}\"},\"query-input\":{\"@type\":\"PropertyValueSpecification\",\"valueRequired\":true,\"valueName\":\"search_term_string\"}}],\"inLanguage\":\"fr-FR\"},{\"@type\":[\"Person\",\"Organization\"],\"@id\":\"https:\\\/\\\/www.pfmiel.fr\\\/miel\\\/#\\\/schema\\\/person\\\/e9395774cd584b94ab92efbd6c37acf5\",\"name\":\"Pierre-Fran\u00e7ois\",\"image\":{\"@type\":\"ImageObject\",\"inLanguage\":\"fr-FR\",\"@id\":\"https:\\\/\\\/i0.wp.com\\\/www.pfmiel.fr\\\/miel\\\/wp-content\\\/uploads\\\/2021\\\/10\\\/cropped-Capture-decran-du-2021-10-28-15-45-12.png?fit=220%2C250&ssl=1\",\"url\":\"https:\\\/\\\/i0.wp.com\\\/www.pfmiel.fr\\\/miel\\\/wp-content\\\/uploads\\\/2021\\\/10\\\/cropped-Capture-decran-du-2021-10-28-15-45-12.png?fit=220%2C250&ssl=1\",\"contentUrl\":\"https:\\\/\\\/i0.wp.com\\\/www.pfmiel.fr\\\/miel\\\/wp-content\\\/uploads\\\/2021\\\/10\\\/cropped-Capture-decran-du-2021-10-28-15-45-12.png?fit=220%2C250&ssl=1\",\"width\":220,\"height\":250,\"caption\":\"Pierre-Fran\u00e7ois\"},\"logo\":{\"@id\":\"https:\\\/\\\/i0.wp.com\\\/www.pfmiel.fr\\\/miel\\\/wp-content\\\/uploads\\\/2021\\\/10\\\/cropped-Capture-decran-du-2021-10-28-15-45-12.png?fit=220%2C250&ssl=1\"},\"sameAs\":[\"http:\\\/\\\/www.pfmiel.fr\"]}]}<\/script>\n<!-- \/ Yoast SEO plugin. -->","yoast_head_json":{"title":"D\u00e9but de saison en demi-teinte - Pierre-Fran\u00e7ois Prot - Apiculteur - V\u00e9retz","robots":{"index":"index","follow":"follow","max-snippet":"max-snippet:-1","max-image-preview":"max-image-preview:large","max-video-preview":"max-video-preview:-1"},"canonical":"https:\/\/www.pfmiel.fr\/miel\/debut-de-saison-en-demi-teinte\/","og_locale":"fr_FR","og_type":"article","og_title":"D\u00e9but de saison en demi-teinte - Pierre-Fran\u00e7ois Prot - Apiculteur - V\u00e9retz","og_description":"\u00e7a y&rsquo;est c&rsquo;est d\u00e9but avril la saison d&rsquo;apiculture d\u00e9bute. Les ruches sont pour certaines sur les fruitiers depuis quelques semaines. Pour les autres c&rsquo;est la proximit\u00e9 du colza qui devrait les \u00ab\u00a0booster\u00a0\u00bb en ce d\u00e9but de saison. Les hausses ont \u00e9t\u00e9 pos\u00e9es cette semaine &#8230; encore un peu de patience et le miel de printemps &hellip; Continuer la lecture de &laquo;&nbsp;D\u00e9but de saison en demi-teinte&nbsp;&raquo;","og_url":"https:\/\/www.pfmiel.fr\/miel\/debut-de-saison-en-demi-teinte\/","og_site_name":"Pierre-Fran\u00e7ois Prot - Apiculteur - V\u00e9retz","article_published_time":"2023-04-10T09:10:59+00:00","article_modified_time":"2023-04-10T13:26:54+00:00","og_image":[{"url":"https:\/\/www.pfmiel.fr\/miel\/wp-content\/uploads\/2023\/04\/1681118021079-1024x769.jpg","type":"","width":"","height":""}],"author":"Pierre-Fran\u00e7ois","twitter_card":"summary_large_image","twitter_misc":{"\u00c9crit par":"Pierre-Fran\u00e7ois"},"schema":{"@context":"https:\/\/schema.org","@graph":[{"@type":"Article","@id":"https:\/\/www.pfmiel.fr\/miel\/debut-de-saison-en-demi-teinte\/#article","isPartOf":{"@id":"https:\/\/www.pfmiel.fr\/miel\/debut-de-saison-en-demi-teinte\/"},"author":{"name":"Pierre-Fran\u00e7ois","@id":"https:\/\/www.pfmiel.fr\/miel\/#\/schema\/person\/e9395774cd584b94ab92efbd6c37acf5"},"headline":"D\u00e9but de saison en demi-teinte","datePublished":"2023-04-10T09:10:59+00:00","dateModified":"2023-04-10T13:26:54+00:00","mainEntityOfPage":{"@id":"https:\/\/www.pfmiel.fr\/miel\/debut-de-saison-en-demi-teinte\/"},"wordCount":105,"publisher":{"@id":"https:\/\/www.pfmiel.fr\/miel\/#\/schema\/person\/e9395774cd584b94ab92efbd6c37acf5"},"image":{"@id":"https:\/\/www.pfmiel.fr\/miel\/debut-de-saison-en-demi-teinte\/#primaryimage"},"thumbnailUrl":"https:\/\/www.pfmiel.fr\/miel\/wp-content\/uploads\/2023\/04\/1681118021079-1024x769.jpg","articleSection":["Blog"],"inLanguage":"fr-FR"},{"@type":"WebPage","@id":"https:\/\/www.pfmiel.fr\/miel\/debut-de-saison-en-demi-teinte\/","url":"https:\/\/www.pfmiel.fr\/miel\/debut-de-saison-en-demi-teinte\/","name":"D\u00e9but de saison en demi-teinte - Pierre-Fran\u00e7ois Prot - Apiculteur - V\u00e9retz","isPartOf":{"@id":"https:\/\/www.pfmiel.fr\/miel\/#website"},"primaryImageOfPage":{"@id":"https:\/\/www.pfmiel.fr\/miel\/debut-de-saison-en-demi-teinte\/#primaryimage"},"image":{"@id":"https:\/\/www.pfmiel.fr\/miel\/debut-de-saison-en-demi-teinte\/#primaryimage"},"thumbnailUrl":"https:\/\/www.pfmiel.fr\/miel\/wp-content\/uploads\/2023\/04\/1681118021079-1024x769.jpg","datePublished":"2023-04-10T09:10:59+00:00","dateModified":"2023-04-10T13:26:54+00:00","breadcrumb":{"@id":"https:\/\/www.pfmiel.fr\/miel\/debut-de-saison-en-demi-teinte\/#breadcrumb"},"inLanguage":"fr-FR","potentialAction":[{"@type":"ReadAction","target":["https:\/\/www.pfmiel.fr\/miel\/debut-de-saison-en-demi-teinte\/"]}]},{"@type":"ImageObject","inLanguage":"fr-FR","@id":"https:\/\/www.pfmiel.fr\/miel\/debut-de-saison-en-demi-teinte\/#primaryimage","url":"https:\/\/i0.wp.com\/www.pfmiel.fr\/miel\/wp-content\/uploads\/2023\/04\/1681118021079-scaled.jpg?fit=2560%2C1922&ssl=1","contentUrl":"https:\/\/i0.wp.com\/www.pfmiel.fr\/miel\/wp-content\/uploads\/2023\/04\/1681118021079-scaled.jpg?fit=2560%2C1922&ssl=1","width":2560,"height":1922,"caption":"Fruitiers en fleurs"},{"@type":"BreadcrumbList","@id":"https:\/\/www.pfmiel.fr\/miel\/debut-de-saison-en-demi-teinte\/#breadcrumb","itemListElement":[{"@type":"ListItem","position":1,"name":"Home","item":"https:\/\/www.pfmiel.fr\/miel\/"},{"@type":"ListItem","position":2,"name":"D\u00e9but de saison en demi-teinte"}]},{"@type":"WebSite","@id":"https:\/\/www.pfmiel.fr\/miel\/#website","url":"https:\/\/www.pfmiel.fr\/miel\/","name":"Pierre-Fran\u00e7ois Prot - Apiculteur - V\u00e9retz","description":"Apiculteur et R\u00e9coltant en Indre et Loire","publisher":{"@id":"https:\/\/www.pfmiel.fr\/miel\/#\/schema\/person\/e9395774cd584b94ab92efbd6c37acf5"},"potentialAction":[{"@type":"SearchAction","target":{"@type":"EntryPoint","urlTemplate":"https:\/\/www.pfmiel.fr\/miel\/?s={search_term_string}"},"query-input":{"@type":"PropertyValueSpecification","valueRequired":true,"valueName":"search_term_string"}}],"inLanguage":"fr-FR"},{"@type":["Person","Organization"],"@id":"https:\/\/www.pfmiel.fr\/miel\/#\/schema\/person\/e9395774cd584b94ab92efbd6c37acf5","name":"Pierre-Fran\u00e7ois","image":{"@type":"ImageObject","inLanguage":"fr-FR","@id":"https:\/\/i0.wp.com\/www.pfmiel.fr\/miel\/wp-content\/uploads\/2021\/10\/cropped-Capture-decran-du-2021-10-28-15-45-12.png?fit=220%2C250&ssl=1","url":"https:\/\/i0.wp.com\/www.pfmiel.fr\/miel\/wp-content\/uploads\/2021\/10\/cropped-Capture-decran-du-2021-10-28-15-45-12.png?fit=220%2C250&ssl=1","contentUrl":"https:\/\/i0.wp.com\/www.pfmiel.fr\/miel\/wp-content\/uploads\/2021\/10\/cropped-Capture-decran-du-2021-10-28-15-45-12.png?fit=220%2C250&ssl=1","width":220,"height":250,"caption":"Pierre-Fran\u00e7ois"},"logo":{"@id":"https:\/\/i0.wp.com\/www.pfmiel.fr\/miel\/wp-content\/uploads\/2021\/10\/cropped-Capture-decran-du-2021-10-28-15-45-12.png?fit=220%2C250&ssl=1"},"sameAs":["http:\/\/www.pfmiel.fr"]}]}},"jetpack_featured_media_url":"","jetpack_sharing_enabled":true,"_links":{"self":[{"href":"https:\/\/www.pfmiel.fr\/miel\/wp-json\/wp\/v2\/posts\/696","targetHints":{"allow":["GET"]}}],"collection":[{"href":"https:\/\/www.pfmiel.fr\/miel\/wp-json\/wp\/v2\/posts"}],"about":[{"href":"https:\/\/www.pfmiel.fr\/miel\/wp-json\/wp\/v2\/types\/post"}],"author":[{"embeddable":true,"href":"https:\/\/www.pfmiel.fr\/miel\/wp-json\/wp\/v2\/users\/2"}],"replies":[{"embeddable":true,"href":"https:\/\/www.pfmiel.fr\/miel\/wp-json\/wp\/v2\/comments?post=696"}],"version-history":[{"count":3,"href":"https:\/\/www.pfmiel.fr\/miel\/wp-json\/wp\/v2\/posts\/696\/revisions"}],"predecessor-version":[{"id":729,"href":"https:\/\/www.pfmiel.fr\/miel\/wp-json\/wp\/v2\/posts\/696\/revisions\/729"}],"wp:attachment":[{"href":"https:\/\/www.pfmiel.fr\/miel\/wp-json\/wp\/v2\/media?parent=696"}],"wp:term":[{"taxonomy":"category","embeddable":true,"href":"https:\/\/www.pfmiel.fr\/miel\/wp-json\/wp\/v2\/categories?post=696"},{"taxonomy":"post_tag","embeddable":true,"href":"https:\/\/www.pfmiel.fr\/miel\/wp-json\/wp\/v2\/tags?post=696"}],"curies":[{"name":"wp","href":"https:\/\/api.w.org\/{rel}","templated":true}]}}