{"id":704,"date":"2023-04-10T15:02:03","date_gmt":"2023-04-10T13:02:03","guid":{"rendered":"https:\/\/www.pfmiel.fr\/miel\/?p=704"},"modified":"2023-04-10T16:14:55","modified_gmt":"2023-04-10T14:14:55","slug":"coup-de-gueule","status":"publish","type":"post","link":"https:\/\/www.pfmiel.fr\/miel\/coup-de-gueule\/","title":{"rendered":"Coup de gueule"},"content":{"rendered":"\n<p>Et voil\u00e0 la mauvaise nouvelle de ce d\u00e9but de saison qui arrive. Hier je me suis rendu sur un rucher situ\u00e9 dans une petite for\u00eat d&rsquo;acacia et de ch\u00e2taigner. Petite visite de contr\u00f4le pour voir si les derni\u00e8res gel\u00e9es matinales n&rsquo;avaient pas grill\u00e9 les bourgeons d&rsquo;acacias. <br>Et l\u00e0, surprise : en arrivant sur place j&rsquo;ai d&rsquo;abord cru que je n&rsquo;avais pas pris le bon chemin car je ne me reconnaissais pas.  Finalement c&rsquo;est la pancarte \u00ab\u00a0attention abeilles\u00a0\u00bb qui m&rsquo;a aid\u00e9 \u00e0 r\u00e9aliser que j&rsquo;\u00e9tais bien au bon endroit &#8230; devenu en \u00e0 peine 3 semaines, un \u00eelot de quelques arbres entour\u00e9s par un champ de ruines.<\/p>\n\n\n\n<figure class=\"wp-block-image size-large\"><img data-recalc-dims=\"1\" loading=\"lazy\" decoding=\"async\" width=\"525\" height=\"394\" src=\"https:\/\/i0.wp.com\/www.pfmiel.fr\/miel\/wp-content\/uploads\/2023\/04\/1681117913798.jpg?resize=525%2C394&#038;ssl=1\" alt=\"\" class=\"wp-image-700\" srcset=\"https:\/\/i0.wp.com\/www.pfmiel.fr\/miel\/wp-content\/uploads\/2023\/04\/1681117913798-scaled.jpg?resize=1024%2C769&amp;ssl=1 1024w, https:\/\/i0.wp.com\/www.pfmiel.fr\/miel\/wp-content\/uploads\/2023\/04\/1681117913798-scaled.jpg?resize=300%2C225&amp;ssl=1 300w, https:\/\/i0.wp.com\/www.pfmiel.fr\/miel\/wp-content\/uploads\/2023\/04\/1681117913798-scaled.jpg?resize=768%2C577&amp;ssl=1 768w, https:\/\/i0.wp.com\/www.pfmiel.fr\/miel\/wp-content\/uploads\/2023\/04\/1681117913798-scaled.jpg?resize=1536%2C1153&amp;ssl=1 1536w, https:\/\/i0.wp.com\/www.pfmiel.fr\/miel\/wp-content\/uploads\/2023\/04\/1681117913798-scaled.jpg?resize=2048%2C1538&amp;ssl=1 2048w, https:\/\/i0.wp.com\/www.pfmiel.fr\/miel\/wp-content\/uploads\/2023\/04\/1681117913798-scaled.jpg?resize=350%2C263&amp;ssl=1 350w\" sizes=\"auto, (max-width: 767px) 89vw, (max-width: 1000px) 54vw, (max-width: 1071px) 543px, 580px\" \/><figcaption class=\"wp-element-caption\">coupe rase 2023<\/figcaption><\/figure>\n\n\n\n<p>Pour ce genre de situation, je trouve que  la photo ne rend malheureusement pas bien \u00ab\u00a0l&rsquo;ambiance\u00a0\u00bb ou la sensation que l&rsquo;on \u00e9prouve lorsque l&rsquo;on est en face d&rsquo;un tel paysage. <br>Je vous avoue que je suis rest\u00e9 un moment avec la gorge serr\u00e9e et les yeux humides, assis sur un tronc coup\u00e9 (c&rsquo;est tr\u00e8s pratique pour \u00e7a une coupe rase, \u00e7a fait plein de petits si\u00e8ges en for\u00eat!). <\/p>\n\n\n\n<p>Au printemps 2022, d\u00e9j\u00e0 2 ha de cette for\u00eat avaient d\u00e9j\u00e0 \u00e9t\u00e9 ras\u00e9s, cette ann\u00e9e c&rsquo;est bien 5 ou 6 ha qui ont disparu. Si la machine \u00e0 dollars se remet en route au printemps prochain, ce petit bois aura \u00e9t\u00e9 ray\u00e9 de la carte en 3 ans.<\/p>\n\n\n\n<p>Si on laisse la nature faire, les acacias repousseront probablement assez rapidement et les ch\u00e2taigniers suivront peut \u00eatre. J&rsquo;ai quand m\u00eame tr\u00e8s peur qu&rsquo;on ne laisse pas la nature faire son travail mais qu&rsquo;\u00e0 la place soit plant\u00e9 du pin (beaucoup plus rentable \u00e9conomiquement pour le n\u00e9gociant en bois) &#8230; <\/p>\n\n\n\n<p>Pour tous les pollinisateurs sauvages et les autres organismes vivants qui \u00e9taient dans le coin, autant dire qu&rsquo;on s&rsquo;en  fou. <\/p>\n\n\n\n<p>Heureusement pour se remonter un peu le moral il y a Francis Hall\u00e9 (<a href=\"https:\/\/www.foretprimaire-francishalle.org\/\" target=\"_blank\" rel=\"noreferrer noopener\">https:\/\/www.foretprimaire-francishalle.org\/<\/a> ) <\/p>\n\n\n\n<p><\/p>\n\n\n\n<h2 class=\"wp-block-heading\">Les d\u00e9fis de l&rsquo;apiculteur<\/h2>\n\n\n\n<p>Pour les abeilles \u00ab\u00a0domestiques\u00a0\u00bb les d\u00e9g\u00e2ts de cette coupe rase sont moins graves. Changement d&#8217;emplacement et ce sera r\u00e9solu. Mais quand m\u00eame en tant qu&rsquo;apiculteur les d\u00e9fis sont multiples :  <\/p>\n\n\n\n<ul class=\"wp-block-list\">\n<li>Positionner les abeilles sur des ressources sauvages : elles sont de plus en plus difficiles \u00e0 trouver dans notre r\u00e9gion et les quantit\u00e9s de miel produites y sont plus faibles et tr\u00e8s in\u00e9gales en fonctions des ann\u00e9es. <\/li>\n\n\n\n<li>Positionner les ruches sur les grandes cultures : quasiment impossible d&rsquo;y \u00e9chapper. Les quantit\u00e9s de miel y sont plus importantes mais les abeilles s&rsquo;en remettent plus ou moins bien suivant les cas. En ce moment par exemple ce sont les traitements sur les bl\u00e9s qui font des d\u00e9g\u00e2ts (et oui une abeille ne butine pas le bl\u00e9, mais elle va fr\u00e9quemment boire la ros\u00e9 du matin dans les champs qui ont \u00e9t\u00e9 trait\u00e9s).<\/li>\n\n\n\n<li>Essayer de ne pas tomber avec nos abeilles dans les m\u00eames pi\u00e8ges\/d\u00e9rives que l&rsquo;agriculture productiviste. <\/li>\n\n\n\n<li> Faire du bio ? Les quelques courageux qui s&rsquo;y sont lanc\u00e9s ont bien du mal aujourd&rsquo;hui  \u00e0 vendre leurs produits \u00e0 sa juste valeur. Surtout en respectant un cahier des charges bio assez discutable.<\/li>\n<\/ul>\n\n\n\n<p><\/p>\n\n\n\n<p><\/p>\n\n\n\n<h2 class=\"wp-block-heading\">Et c&rsquo;est l\u00e0 que le coup de gueule commence. <\/h2>\n\n\n\n<p>D&rsquo;un cot\u00e9 tout le monde se scandalise de d\u00e9couvrir fin mars que presque la moiti\u00e9 des miels import\u00e9s ne sont pas des vrais miels (<a href=\"https:\/\/www.francetvinfo.fr\/replay-radio\/dans-la-peau-de-l-info\/dans-la-peau-de-l-info-ce-qu-il-faut-savoir-des-fraudes-dans-les-pots-de-miel_5713928.html\" target=\"_blank\" rel=\"noreferrer noopener\">https:\/\/www.francetvinfo.fr\/replay-radio\/dans-la-peau-de-l-info\/dans-la-peau-de-l-info-ce-qu-il-faut-savoir-des-fraudes-dans-les-pots-de-miel_5713928.html <\/a>). <\/p>\n\n\n\n<p>Mais de l&rsquo;autre on ne se donne ni les moyens d&rsquo;\u00e9viter ces importations, ni les moyens de prot\u00e9ger notre environnement et de prot\u00e9ger le vivant au sens large. Les g\u00e9n\u00e9rations pr\u00e9c\u00e9dentes avaient pour eux l&rsquo;argument de ne pas conna\u00eetre les effets de leurs actes sur la nature, mais ce n&rsquo;est plus notre cas. <\/p>\n\n\n\n<p><\/p>\n\n\n\n<p><\/p>\n\n\n\n<h2 class=\"wp-block-heading\">En guise de conclusion<\/h2>\n\n\n\n<p>Ami(e)s consommateurs et consommatrices de miel, je vous propose 2 solutions pour anticiper et pr\u00e9parer vos papilles gustatives \u00e0 l&rsquo;AVENIR (\u00e2mes sensibles ne lisez pas la fin!)<\/p>\n\n\n\n<ul class=\"wp-block-list\">\n<li>La recette de miel fait maison (50% eau, 50% sucre) ce n&rsquo;est pas compliqu\u00e9 et en plus \u00e7a soutiendra la fili\u00e8re betterave fran\u00e7aise qui en a bien besoin depuis que de vilains \u00e9colos lui interdisent d&rsquo;utiliser les n\u00e9onicotino\u00efdes.<\/li>\n<\/ul>\n\n\n\n<ul class=\"wp-block-list\">\n<li>L&rsquo;\u00e9tape ultime :  ( <a href=\"https:\/\/www.agidra.com\/grossiste-sirop-de-glucose-parfume-au-miel-pot-1kg-fantasia\/produit-080604.html\" rel=\"nofollow\">https:\/\/www.agidra.com\/grossiste-sirop-de-glucose-parfume-au-miel-pot-1kg-fantasia\/produit-080604.html<\/a> ) <\/li>\n<\/ul>\n\n\n\n<figure class=\"wp-block-image size-full\"><img data-recalc-dims=\"1\" loading=\"lazy\" decoding=\"async\" width=\"525\" height=\"236\" src=\"https:\/\/i0.wp.com\/www.pfmiel.fr\/miel\/wp-content\/uploads\/2023\/04\/glucose.png?resize=525%2C236&#038;ssl=1\" alt=\"\" class=\"wp-image-710\" srcset=\"https:\/\/i0.wp.com\/www.pfmiel.fr\/miel\/wp-content\/uploads\/2023\/04\/glucose.png?w=980&amp;ssl=1 980w, https:\/\/i0.wp.com\/www.pfmiel.fr\/miel\/wp-content\/uploads\/2023\/04\/glucose.png?resize=300%2C135&amp;ssl=1 300w, https:\/\/i0.wp.com\/www.pfmiel.fr\/miel\/wp-content\/uploads\/2023\/04\/glucose.png?resize=768%2C345&amp;ssl=1 768w, https:\/\/i0.wp.com\/www.pfmiel.fr\/miel\/wp-content\/uploads\/2023\/04\/glucose.png?resize=350%2C157&amp;ssl=1 350w\" sizes=\"auto, (max-width: 767px) 89vw, (max-width: 1000px) 54vw, (max-width: 1071px) 543px, 580px\" \/><\/figure>\n\n\n\n<p><\/p>\n","protected":false},"excerpt":{"rendered":"<p>Et voil\u00e0 la mauvaise nouvelle de ce d\u00e9but de saison qui arrive. Hier je me suis rendu sur un rucher situ\u00e9 dans une petite for\u00eat d&rsquo;acacia et de ch\u00e2taigner. Petite visite de contr\u00f4le pour voir si les derni\u00e8res gel\u00e9es matinales n&rsquo;avaient pas grill\u00e9 les bourgeons d&rsquo;acacias. Et l\u00e0, surprise : en arrivant sur place j&rsquo;ai &hellip; <\/p>\n<p class=\"link-more\"><a href=\"https:\/\/www.pfmiel.fr\/miel\/coup-de-gueule\/\" class=\"more-link\">Continuer la lecture<span class=\"screen-reader-text\"> de &laquo;&nbsp;Coup de gueule&nbsp;&raquo;<\/span><\/a><\/p>\n","protected":false},"author":2,"featured_media":0,"comment_status":"closed","ping_status":"open","sticky":false,"template":"","format":"standard","meta":{"_jetpack_memberships_contains_paid_content":false,"footnotes":""},"categories":[32],"tags":[],"class_list":["post-704","post","type-post","status-publish","format-standard","hentry","category-blog"],"yoast_head":"<!-- This site is optimized with the Yoast SEO plugin v27.4 - https:\/\/yoast.com\/product\/yoast-seo-wordpress\/ -->\n<title>Coup de gueule - Pierre-Fran\u00e7ois Prot - Apiculteur - V\u00e9retz<\/title>\n<meta name=\"description\" content=\"coup de gueule coupe rase apiculture\" \/>\n<meta name=\"robots\" content=\"index, follow, max-snippet:-1, max-image-preview:large, max-video-preview:-1\" \/>\n<link rel=\"canonical\" href=\"https:\/\/www.pfmiel.fr\/miel\/coup-de-gueule\/\" \/>\n<meta property=\"og:locale\" content=\"fr_FR\" \/>\n<meta property=\"og:type\" content=\"article\" \/>\n<meta property=\"og:title\" content=\"Coup de gueule - Pierre-Fran\u00e7ois Prot - Apiculteur - V\u00e9retz\" \/>\n<meta property=\"og:description\" content=\"coup de gueule coupe rase apiculture\" \/>\n<meta property=\"og:url\" content=\"https:\/\/www.pfmiel.fr\/miel\/coup-de-gueule\/\" \/>\n<meta property=\"og:site_name\" content=\"Pierre-Fran\u00e7ois Prot - Apiculteur - V\u00e9retz\" \/>\n<meta property=\"article:published_time\" content=\"2023-04-10T13:02:03+00:00\" \/>\n<meta property=\"article:modified_time\" content=\"2023-04-10T14:14:55+00:00\" \/>\n<meta property=\"og:image\" content=\"https:\/\/www.pfmiel.fr\/miel\/wp-content\/uploads\/2023\/04\/1681117913798-1024x769.jpg\" \/>\n<meta name=\"author\" content=\"Pierre-Fran\u00e7ois\" \/>\n<meta name=\"twitter:card\" content=\"summary_large_image\" \/>\n<meta name=\"twitter:label1\" content=\"\u00c9crit par\" \/>\n\t<meta name=\"twitter:data1\" content=\"Pierre-Fran\u00e7ois\" \/>\n\t<meta name=\"twitter:label2\" content=\"Dur\u00e9e de lecture estim\u00e9e\" \/>\n\t<meta name=\"twitter:data2\" content=\"4 minutes\" \/>\n<script type=\"application\/ld+json\" class=\"yoast-schema-graph\">{\"@context\":\"https:\\\/\\\/schema.org\",\"@graph\":[{\"@type\":\"Article\",\"@id\":\"https:\\\/\\\/www.pfmiel.fr\\\/miel\\\/coup-de-gueule\\\/#article\",\"isPartOf\":{\"@id\":\"https:\\\/\\\/www.pfmiel.fr\\\/miel\\\/coup-de-gueule\\\/\"},\"author\":{\"name\":\"Pierre-Fran\u00e7ois\",\"@id\":\"https:\\\/\\\/www.pfmiel.fr\\\/miel\\\/#\\\/schema\\\/person\\\/e9395774cd584b94ab92efbd6c37acf5\"},\"headline\":\"Coup de gueule\",\"datePublished\":\"2023-04-10T13:02:03+00:00\",\"dateModified\":\"2023-04-10T14:14:55+00:00\",\"mainEntityOfPage\":{\"@id\":\"https:\\\/\\\/www.pfmiel.fr\\\/miel\\\/coup-de-gueule\\\/\"},\"wordCount\":753,\"publisher\":{\"@id\":\"https:\\\/\\\/www.pfmiel.fr\\\/miel\\\/#\\\/schema\\\/person\\\/e9395774cd584b94ab92efbd6c37acf5\"},\"image\":{\"@id\":\"https:\\\/\\\/www.pfmiel.fr\\\/miel\\\/coup-de-gueule\\\/#primaryimage\"},\"thumbnailUrl\":\"https:\\\/\\\/www.pfmiel.fr\\\/miel\\\/wp-content\\\/uploads\\\/2023\\\/04\\\/1681117913798-1024x769.jpg\",\"articleSection\":[\"Blog\"],\"inLanguage\":\"fr-FR\"},{\"@type\":\"WebPage\",\"@id\":\"https:\\\/\\\/www.pfmiel.fr\\\/miel\\\/coup-de-gueule\\\/\",\"url\":\"https:\\\/\\\/www.pfmiel.fr\\\/miel\\\/coup-de-gueule\\\/\",\"name\":\"Coup de gueule - Pierre-Fran\u00e7ois Prot - Apiculteur - V\u00e9retz\",\"isPartOf\":{\"@id\":\"https:\\\/\\\/www.pfmiel.fr\\\/miel\\\/#website\"},\"primaryImageOfPage\":{\"@id\":\"https:\\\/\\\/www.pfmiel.fr\\\/miel\\\/coup-de-gueule\\\/#primaryimage\"},\"image\":{\"@id\":\"https:\\\/\\\/www.pfmiel.fr\\\/miel\\\/coup-de-gueule\\\/#primaryimage\"},\"thumbnailUrl\":\"https:\\\/\\\/www.pfmiel.fr\\\/miel\\\/wp-content\\\/uploads\\\/2023\\\/04\\\/1681117913798-1024x769.jpg\",\"datePublished\":\"2023-04-10T13:02:03+00:00\",\"dateModified\":\"2023-04-10T14:14:55+00:00\",\"description\":\"coup de gueule coupe rase apiculture\",\"breadcrumb\":{\"@id\":\"https:\\\/\\\/www.pfmiel.fr\\\/miel\\\/coup-de-gueule\\\/#breadcrumb\"},\"inLanguage\":\"fr-FR\",\"potentialAction\":[{\"@type\":\"ReadAction\",\"target\":[\"https:\\\/\\\/www.pfmiel.fr\\\/miel\\\/coup-de-gueule\\\/\"]}]},{\"@type\":\"ImageObject\",\"inLanguage\":\"fr-FR\",\"@id\":\"https:\\\/\\\/www.pfmiel.fr\\\/miel\\\/coup-de-gueule\\\/#primaryimage\",\"url\":\"https:\\\/\\\/i0.wp.com\\\/www.pfmiel.fr\\\/miel\\\/wp-content\\\/uploads\\\/2023\\\/04\\\/1681117913798-scaled.jpg?fit=2560%2C1922&ssl=1\",\"contentUrl\":\"https:\\\/\\\/i0.wp.com\\\/www.pfmiel.fr\\\/miel\\\/wp-content\\\/uploads\\\/2023\\\/04\\\/1681117913798-scaled.jpg?fit=2560%2C1922&ssl=1\",\"width\":2560,\"height\":1922},{\"@type\":\"BreadcrumbList\",\"@id\":\"https:\\\/\\\/www.pfmiel.fr\\\/miel\\\/coup-de-gueule\\\/#breadcrumb\",\"itemListElement\":[{\"@type\":\"ListItem\",\"position\":1,\"name\":\"Home\",\"item\":\"https:\\\/\\\/www.pfmiel.fr\\\/miel\\\/\"},{\"@type\":\"ListItem\",\"position\":2,\"name\":\"Coup de gueule\"}]},{\"@type\":\"WebSite\",\"@id\":\"https:\\\/\\\/www.pfmiel.fr\\\/miel\\\/#website\",\"url\":\"https:\\\/\\\/www.pfmiel.fr\\\/miel\\\/\",\"name\":\"Pierre-Fran\u00e7ois Prot - Apiculteur - V\u00e9retz\",\"description\":\"Apiculteur et R\u00e9coltant en Indre et Loire\",\"publisher\":{\"@id\":\"https:\\\/\\\/www.pfmiel.fr\\\/miel\\\/#\\\/schema\\\/person\\\/e9395774cd584b94ab92efbd6c37acf5\"},\"potentialAction\":[{\"@type\":\"SearchAction\",\"target\":{\"@type\":\"EntryPoint\",\"urlTemplate\":\"https:\\\/\\\/www.pfmiel.fr\\\/miel\\\/?s={search_term_string}\"},\"query-input\":{\"@type\":\"PropertyValueSpecification\",\"valueRequired\":true,\"valueName\":\"search_term_string\"}}],\"inLanguage\":\"fr-FR\"},{\"@type\":[\"Person\",\"Organization\"],\"@id\":\"https:\\\/\\\/www.pfmiel.fr\\\/miel\\\/#\\\/schema\\\/person\\\/e9395774cd584b94ab92efbd6c37acf5\",\"name\":\"Pierre-Fran\u00e7ois\",\"image\":{\"@type\":\"ImageObject\",\"inLanguage\":\"fr-FR\",\"@id\":\"https:\\\/\\\/i0.wp.com\\\/www.pfmiel.fr\\\/miel\\\/wp-content\\\/uploads\\\/2021\\\/10\\\/cropped-Capture-decran-du-2021-10-28-15-45-12.png?fit=220%2C250&ssl=1\",\"url\":\"https:\\\/\\\/i0.wp.com\\\/www.pfmiel.fr\\\/miel\\\/wp-content\\\/uploads\\\/2021\\\/10\\\/cropped-Capture-decran-du-2021-10-28-15-45-12.png?fit=220%2C250&ssl=1\",\"contentUrl\":\"https:\\\/\\\/i0.wp.com\\\/www.pfmiel.fr\\\/miel\\\/wp-content\\\/uploads\\\/2021\\\/10\\\/cropped-Capture-decran-du-2021-10-28-15-45-12.png?fit=220%2C250&ssl=1\",\"width\":220,\"height\":250,\"caption\":\"Pierre-Fran\u00e7ois\"},\"logo\":{\"@id\":\"https:\\\/\\\/i0.wp.com\\\/www.pfmiel.fr\\\/miel\\\/wp-content\\\/uploads\\\/2021\\\/10\\\/cropped-Capture-decran-du-2021-10-28-15-45-12.png?fit=220%2C250&ssl=1\"},\"sameAs\":[\"http:\\\/\\\/www.pfmiel.fr\"]}]}<\/script>\n<!-- \/ Yoast SEO plugin. -->","yoast_head_json":{"title":"Coup de gueule - Pierre-Fran\u00e7ois Prot - Apiculteur - V\u00e9retz","description":"coup de gueule coupe rase apiculture","robots":{"index":"index","follow":"follow","max-snippet":"max-snippet:-1","max-image-preview":"max-image-preview:large","max-video-preview":"max-video-preview:-1"},"canonical":"https:\/\/www.pfmiel.fr\/miel\/coup-de-gueule\/","og_locale":"fr_FR","og_type":"article","og_title":"Coup de gueule - Pierre-Fran\u00e7ois Prot - Apiculteur - V\u00e9retz","og_description":"coup de gueule coupe rase apiculture","og_url":"https:\/\/www.pfmiel.fr\/miel\/coup-de-gueule\/","og_site_name":"Pierre-Fran\u00e7ois Prot - Apiculteur - V\u00e9retz","article_published_time":"2023-04-10T13:02:03+00:00","article_modified_time":"2023-04-10T14:14:55+00:00","og_image":[{"url":"https:\/\/www.pfmiel.fr\/miel\/wp-content\/uploads\/2023\/04\/1681117913798-1024x769.jpg","type":"","width":"","height":""}],"author":"Pierre-Fran\u00e7ois","twitter_card":"summary_large_image","twitter_misc":{"\u00c9crit par":"Pierre-Fran\u00e7ois","Dur\u00e9e de lecture estim\u00e9e":"4 minutes"},"schema":{"@context":"https:\/\/schema.org","@graph":[{"@type":"Article","@id":"https:\/\/www.pfmiel.fr\/miel\/coup-de-gueule\/#article","isPartOf":{"@id":"https:\/\/www.pfmiel.fr\/miel\/coup-de-gueule\/"},"author":{"name":"Pierre-Fran\u00e7ois","@id":"https:\/\/www.pfmiel.fr\/miel\/#\/schema\/person\/e9395774cd584b94ab92efbd6c37acf5"},"headline":"Coup de gueule","datePublished":"2023-04-10T13:02:03+00:00","dateModified":"2023-04-10T14:14:55+00:00","mainEntityOfPage":{"@id":"https:\/\/www.pfmiel.fr\/miel\/coup-de-gueule\/"},"wordCount":753,"publisher":{"@id":"https:\/\/www.pfmiel.fr\/miel\/#\/schema\/person\/e9395774cd584b94ab92efbd6c37acf5"},"image":{"@id":"https:\/\/www.pfmiel.fr\/miel\/coup-de-gueule\/#primaryimage"},"thumbnailUrl":"https:\/\/www.pfmiel.fr\/miel\/wp-content\/uploads\/2023\/04\/1681117913798-1024x769.jpg","articleSection":["Blog"],"inLanguage":"fr-FR"},{"@type":"WebPage","@id":"https:\/\/www.pfmiel.fr\/miel\/coup-de-gueule\/","url":"https:\/\/www.pfmiel.fr\/miel\/coup-de-gueule\/","name":"Coup de gueule - Pierre-Fran\u00e7ois Prot - Apiculteur - V\u00e9retz","isPartOf":{"@id":"https:\/\/www.pfmiel.fr\/miel\/#website"},"primaryImageOfPage":{"@id":"https:\/\/www.pfmiel.fr\/miel\/coup-de-gueule\/#primaryimage"},"image":{"@id":"https:\/\/www.pfmiel.fr\/miel\/coup-de-gueule\/#primaryimage"},"thumbnailUrl":"https:\/\/www.pfmiel.fr\/miel\/wp-content\/uploads\/2023\/04\/1681117913798-1024x769.jpg","datePublished":"2023-04-10T13:02:03+00:00","dateModified":"2023-04-10T14:14:55+00:00","description":"coup de gueule coupe rase apiculture","breadcrumb":{"@id":"https:\/\/www.pfmiel.fr\/miel\/coup-de-gueule\/#breadcrumb"},"inLanguage":"fr-FR","potentialAction":[{"@type":"ReadAction","target":["https:\/\/www.pfmiel.fr\/miel\/coup-de-gueule\/"]}]},{"@type":"ImageObject","inLanguage":"fr-FR","@id":"https:\/\/www.pfmiel.fr\/miel\/coup-de-gueule\/#primaryimage","url":"https:\/\/i0.wp.com\/www.pfmiel.fr\/miel\/wp-content\/uploads\/2023\/04\/1681117913798-scaled.jpg?fit=2560%2C1922&ssl=1","contentUrl":"https:\/\/i0.wp.com\/www.pfmiel.fr\/miel\/wp-content\/uploads\/2023\/04\/1681117913798-scaled.jpg?fit=2560%2C1922&ssl=1","width":2560,"height":1922},{"@type":"BreadcrumbList","@id":"https:\/\/www.pfmiel.fr\/miel\/coup-de-gueule\/#breadcrumb","itemListElement":[{"@type":"ListItem","position":1,"name":"Home","item":"https:\/\/www.pfmiel.fr\/miel\/"},{"@type":"ListItem","position":2,"name":"Coup de gueule"}]},{"@type":"WebSite","@id":"https:\/\/www.pfmiel.fr\/miel\/#website","url":"https:\/\/www.pfmiel.fr\/miel\/","name":"Pierre-Fran\u00e7ois Prot - Apiculteur - V\u00e9retz","description":"Apiculteur et R\u00e9coltant en Indre et Loire","publisher":{"@id":"https:\/\/www.pfmiel.fr\/miel\/#\/schema\/person\/e9395774cd584b94ab92efbd6c37acf5"},"potentialAction":[{"@type":"SearchAction","target":{"@type":"EntryPoint","urlTemplate":"https:\/\/www.pfmiel.fr\/miel\/?s={search_term_string}"},"query-input":{"@type":"PropertyValueSpecification","valueRequired":true,"valueName":"search_term_string"}}],"inLanguage":"fr-FR"},{"@type":["Person","Organization"],"@id":"https:\/\/www.pfmiel.fr\/miel\/#\/schema\/person\/e9395774cd584b94ab92efbd6c37acf5","name":"Pierre-Fran\u00e7ois","image":{"@type":"ImageObject","inLanguage":"fr-FR","@id":"https:\/\/i0.wp.com\/www.pfmiel.fr\/miel\/wp-content\/uploads\/2021\/10\/cropped-Capture-decran-du-2021-10-28-15-45-12.png?fit=220%2C250&ssl=1","url":"https:\/\/i0.wp.com\/www.pfmiel.fr\/miel\/wp-content\/uploads\/2021\/10\/cropped-Capture-decran-du-2021-10-28-15-45-12.png?fit=220%2C250&ssl=1","contentUrl":"https:\/\/i0.wp.com\/www.pfmiel.fr\/miel\/wp-content\/uploads\/2021\/10\/cropped-Capture-decran-du-2021-10-28-15-45-12.png?fit=220%2C250&ssl=1","width":220,"height":250,"caption":"Pierre-Fran\u00e7ois"},"logo":{"@id":"https:\/\/i0.wp.com\/www.pfmiel.fr\/miel\/wp-content\/uploads\/2021\/10\/cropped-Capture-decran-du-2021-10-28-15-45-12.png?fit=220%2C250&ssl=1"},"sameAs":["http:\/\/www.pfmiel.fr"]}]}},"jetpack_featured_media_url":"","jetpack_sharing_enabled":true,"_links":{"self":[{"href":"https:\/\/www.pfmiel.fr\/miel\/wp-json\/wp\/v2\/posts\/704","targetHints":{"allow":["GET"]}}],"collection":[{"href":"https:\/\/www.pfmiel.fr\/miel\/wp-json\/wp\/v2\/posts"}],"about":[{"href":"https:\/\/www.pfmiel.fr\/miel\/wp-json\/wp\/v2\/types\/post"}],"author":[{"embeddable":true,"href":"https:\/\/www.pfmiel.fr\/miel\/wp-json\/wp\/v2\/users\/2"}],"replies":[{"embeddable":true,"href":"https:\/\/www.pfmiel.fr\/miel\/wp-json\/wp\/v2\/comments?post=704"}],"version-history":[{"count":37,"href":"https:\/\/www.pfmiel.fr\/miel\/wp-json\/wp\/v2\/posts\/704\/revisions"}],"predecessor-version":[{"id":756,"href":"https:\/\/www.pfmiel.fr\/miel\/wp-json\/wp\/v2\/posts\/704\/revisions\/756"}],"wp:attachment":[{"href":"https:\/\/www.pfmiel.fr\/miel\/wp-json\/wp\/v2\/media?parent=704"}],"wp:term":[{"taxonomy":"category","embeddable":true,"href":"https:\/\/www.pfmiel.fr\/miel\/wp-json\/wp\/v2\/categories?post=704"},{"taxonomy":"post_tag","embeddable":true,"href":"https:\/\/www.pfmiel.fr\/miel\/wp-json\/wp\/v2\/tags?post=704"}],"curies":[{"name":"wp","href":"https:\/\/api.w.org\/{rel}","templated":true}]}}